{"id":4528,"date":"2024-11-21T18:11:18","date_gmt":"2024-11-21T17:11:18","guid":{"rendered":"https:\/\/weboffice.pt\/?p=4528"},"modified":"2024-11-21T18:11:20","modified_gmt":"2024-11-21T17:11:20","slug":"americo-amorim-um-empreendedor-em-portugal","status":"publish","type":"post","link":"https:\/\/weboffice.pt\/es\/empreendedorismo\/americo-amorim-um-empreendedor-em-portugal\/","title":{"rendered":"Am\u00e9rico Amorim: un emprendedor en Portugal"},"content":{"rendered":"<p>Am\u00e9rico Ferreira Amorim naci\u00f3 en Mozelos, Santa Maria da Feira, el 21 de julio de 1934. Se dio a conocer como uno de los empresarios m\u00e1s ricos de Portugal, con una carrera marcada por la inversi\u00f3n y la expansi\u00f3n de sus negocios, que abarcaron \u00e1mbitos como el corcho, la energ\u00eda, las finanzas y el turismo.<\/p>\n\n\n\n<p><strong>Carrera y ascenso en la industria del corcho<\/strong><\/p>\n\n\n\n<p>Am\u00e9rico Amorim empez\u00f3 en la industria del corcho en la empresa de su familia, fundada en 1870. Desde muy joven, demostr\u00f3 una visi\u00f3n empresarial \u00fanica y una voluntad de innovar y expandir el negocio m\u00e1s all\u00e1 de las fronteras. A lo largo de la d\u00e9cada de 1960, trabaj\u00f3 duro para establecer la presencia internacional de Corticeira Amorim, llevando la empresa a mercados de Europa y Estados Unidos. La empresa se convirti\u00f3 en l\u00edder mundial en la producci\u00f3n y exportaci\u00f3n de corcho.<\/p>\n\n\n\n<p>El papel de Am\u00e9rico Amorim en la modernizaci\u00f3n de la industria corchera fue significativo. Invirti\u00f3 en investigaci\u00f3n y desarrollo, implant\u00f3 nuevas tecnolog\u00edas y pr\u00e1cticas industriales que mejoraron tanto la calidad como la eficiencia de la producci\u00f3n.<\/p>\n\n\n\n<p>En la actualidad, la empresa suministra corcho a diversas industrias, desde la fabricaci\u00f3n de tapones de vino hasta aplicaciones de construcci\u00f3n y dise\u00f1o de interiores.<\/p>\n\n\n\n<p><strong>Diversificaci\u00f3n e inversiones estrat\u00e9gicas<\/strong><\/p>\n\n\n\n<p>Am\u00e9rico Amorim diversific\u00f3 sus inversiones en otras \u00e1reas estrat\u00e9gicas de la econom\u00eda portuguesa. Se dio cuenta de que era importante invertir en \u00e1reas como la energ\u00eda, las finanzas y el turismo. En 1988, entr\u00f3 en el sector bancario, adquiriendo una participaci\u00f3n significativa en el Banco Nacional de Cr\u00e9dito. Tambi\u00e9n invirti\u00f3 en el sector del petr\u00f3leo y el gas, creando el holding Amorim Energia y comprando una participaci\u00f3n en Galp Energia.<\/p>\n\n\n\n<p>Entrar en el sector energ\u00e9tico fue un hito en su carrera, ya que se trataba de un \u00e1rea importante para el desarrollo econ\u00f3mico del pa\u00eds. Su inversi\u00f3n en Galp le convirti\u00f3 en un importante empresario en el campo de la energ\u00eda y su habilidad en el mercado financiero le asegur\u00f3 un rendimiento significativo. Esta diversificaci\u00f3n no s\u00f3lo aument\u00f3 su cartera, sino que reforz\u00f3 su posici\u00f3n como uno de los hombres m\u00e1s influyentes de Portugal.<\/p>\n\n\n\n<p><strong>Estilo de liderazgo y visi\u00f3n a largo plazo<\/strong><\/p>\n\n\n\n<p>Am\u00e9rico Amorim era conocido por su estilo de liderazgo discreto pero decidido. Aunque era una de las personas m\u00e1s ricas e influyentes de Portugal, manten\u00eda una actitud reservada y centrada en el trabajo. Sus empleados y colegas le describ\u00edan como un l\u00edder exigente que nunca renunciaba a la calidad y la innovaci\u00f3n en sus empresas. Su determinaci\u00f3n y visi\u00f3n a largo plazo fueron decisivas para el \u00e9xito de sus negocios.<\/p>\n\n\n\n<p>Un factor importante era la inversi\u00f3n en recursos humanos y la valoraci\u00f3n de los profesionales cualificados. Cre\u00eda que los empleados eran esenciales para construir una empresa s\u00f3lida y de \u00e9xito. Por eso invierte en formaci\u00f3n y desarrollo y fomenta la creaci\u00f3n de un entorno de trabajo productivo y colaborativo.<\/p>\n\n\n\n<p><strong>Impacto y legado<\/strong><\/p>\n\n\n\n<p>Am\u00e9rico Amorim falleci\u00f3 el 13 de julio de 2017 a los 82 a\u00f1os, pero dej\u00f3 un legado en la econom\u00eda y el sector empresarial de Portugal. Su presencia en el mercado del corcho, su capacidad para expandir su negocio a otras \u00e1reas, establecieron un nuevo est\u00e1ndar para la innovaci\u00f3n y la gesti\u00f3n empresarial. Adem\u00e1s de ser uno de los empresarios portugueses de m\u00e1s \u00e9xito, tambi\u00e9n fue un modelo de liderazgo y perseverancia, especialmente para aquellos que buscan emprender en \u00e1reas m\u00e1s tradicionales.<\/p>\n\n\n\n<p>El impacto va m\u00e1s all\u00e1 de su negocio. Ha contribuido al crecimiento econ\u00f3mico de Portugal, ha creado miles de puestos de trabajo y ha fomentado el desarrollo industrial en varias regiones del pa\u00eds. Su compromiso con la sostenibilidad tambi\u00e9n ha influido positivamente en la industria del corcho, que hoy es un ejemplo de pr\u00e1cticas empresariales responsables.<\/p>\n\n\n\n<p>Era conocido por su discreci\u00f3n y su estilo de vida reservado. Se cas\u00f3 con Maria Fernanda Amorim y tuvieron tres hijas. Aunque era uno de los hombres m\u00e1s ricos de Portugal, evitaba la exposici\u00f3n p\u00fablica y rara vez hablaba con la prensa.<\/p>\n\n\n\n<p>La trayectoria de Am\u00e9rico Amorim es un ejemplo de c\u00f3mo una visi\u00f3n empresarial, combinada con la voluntad de asumir riesgos e innovar, puede transformar una empresa familiar en un imperio. Su legado perdura en las empresas que fund\u00f3 y en los valores que implant\u00f3 a lo largo de su vida.<\/p>\n\n\n\n<p><a href=\"https:\/\/www.amorim.com\/pt\/media\/noticias\/americo-amorim-90-anos-de-um-legado-unico\/5112\/\">Fotograf\u00eda original<\/a><\/p>","protected":false},"excerpt":{"rendered":"<p>Am\u00e9rico Ferreira Amorim nasceu em Mozelos, Santa Maria da Feira, no dia 21 de julho de 1934. Tornou-se conhecido por ser um dos empres\u00e1rios mais ricos de Portugal, com um percurso marcado por investimentos e expans\u00e3o do seu neg\u00f3cio, que abrangeu \u00e1reas como: a corti\u00e7a, a energia, finan\u00e7as e o turismo. In\u00edcio da Carreira e [&hellip;]<\/p>\n","protected":false},"author":1,"featured_media":4529,"comment_status":"open","ping_status":"closed","sticky":false,"template":"","format":"standard","meta":{"_et_pb_use_builder":"off","_et_pb_old_content":"","_et_gb_content_width":"","footnotes":""},"categories":[53],"tags":[],"class_list":["post-4528","post","type-post","status-publish","format-standard","has-post-thumbnail","hentry","category-empreendedorismo"],"_links":{"self":[{"href":"https:\/\/weboffice.pt\/es\/wp-json\/wp\/v2\/posts\/4528","targetHints":{"allow":["GET"]}}],"collection":[{"href":"https:\/\/weboffice.pt\/es\/wp-json\/wp\/v2\/posts"}],"about":[{"href":"https:\/\/weboffice.pt\/es\/wp-json\/wp\/v2\/types\/post"}],"author":[{"embeddable":true,"href":"https:\/\/weboffice.pt\/es\/wp-json\/wp\/v2\/users\/1"}],"replies":[{"embeddable":true,"href":"https:\/\/weboffice.pt\/es\/wp-json\/wp\/v2\/comments?post=4528"}],"version-history":[{"count":0,"href":"https:\/\/weboffice.pt\/es\/wp-json\/wp\/v2\/posts\/4528\/revisions"}],"wp:featuredmedia":[{"embeddable":true,"href":"https:\/\/weboffice.pt\/es\/wp-json\/wp\/v2\/media\/4529"}],"wp:attachment":[{"href":"https:\/\/weboffice.pt\/es\/wp-json\/wp\/v2\/media?parent=4528"}],"wp:term":[{"taxonomy":"category","embeddable":true,"href":"https:\/\/weboffice.pt\/es\/wp-json\/wp\/v2\/categories?post=4528"},{"taxonomy":"post_tag","embeddable":true,"href":"https:\/\/weboffice.pt\/es\/wp-json\/wp\/v2\/tags?post=4528"}],"curies":[{"name":"wp","href":"https:\/\/api.w.org\/{rel}","templated":true}]}}